{"id":992674,"date":"2025-12-07T17:03:30","date_gmt":"2025-12-07T16:03:30","guid":{"rendered":"https:\/\/nb-bijoux.fr\/?p=992674"},"modified":"2025-12-07T17:28:07","modified_gmt":"2025-12-07T16:28:07","slug":"marche-de-noel","status":"publish","type":"post","link":"https:\/\/nb-bijoux.fr\/?p=992674","title":{"rendered":"March\u00e9 de No\u00ebl Samedi 13 et dimanche 14 d\u00e9cembre 2025"},"content":{"rendered":"<div class=\"vgblk-rw-wrapper limit-wrapper\">\n<figure class=\"wp-block-image size-large\"><img fetchpriority=\"high\" decoding=\"async\" width=\"724\" height=\"1024\" src=\"https:\/\/nb-bijoux.fr\/wp-content\/uploads\/2025\/12\/Plan-dacces-Marche-de-Noel-Chapelle-des-Ducs-13-et-14-decembre--724x1024.jpg\" alt=\"\" class=\"wp-image-992680\" srcset=\"https:\/\/nb-bijoux.fr\/wp-content\/uploads\/2025\/12\/Plan-dacces-Marche-de-Noel-Chapelle-des-Ducs-13-et-14-decembre--724x1024.jpg 724w, https:\/\/nb-bijoux.fr\/wp-content\/uploads\/2025\/12\/Plan-dacces-Marche-de-Noel-Chapelle-des-Ducs-13-et-14-decembre--212x300.jpg 212w, https:\/\/nb-bijoux.fr\/wp-content\/uploads\/2025\/12\/Plan-dacces-Marche-de-Noel-Chapelle-des-Ducs-13-et-14-decembre--768x1086.jpg 768w, https:\/\/nb-bijoux.fr\/wp-content\/uploads\/2025\/12\/Plan-dacces-Marche-de-Noel-Chapelle-des-Ducs-13-et-14-decembre--1086x1536.jpg 1086w, https:\/\/nb-bijoux.fr\/wp-content\/uploads\/2025\/12\/Plan-dacces-Marche-de-Noel-Chapelle-des-Ducs-13-et-14-decembre--630x891.jpg 630w, https:\/\/nb-bijoux.fr\/wp-content\/uploads\/2025\/12\/Plan-dacces-Marche-de-Noel-Chapelle-des-Ducs-13-et-14-decembre-.jpg 1131w\" sizes=\"(max-width: 724px) 100vw, 724px\" \/><\/figure>\n\n\n\n<p><\/p>\n\n\n\n<p>A l\u2019approche des f\u00eates de fin d\u2019ann\u00e9e, La Chapelle des Ducs se pare de guirlandes scintillantes pour accueillir 18 artisans et producteurs locaux dans une ambiance encheteresse digne des contes de No\u00ebl!<\/p>\n\n\n\n<p>\u2728Venez d\u00e9couvrir des id\u00e9es cadeaux pour toute la famille et tous les budgets\u2728<\/p>\n\n\n\n<p>\ud83c\udf84\ud83d\udecd\ufe0f Miels, bougies, sapins et couronnes de No\u00ebl, biscuiterie sucr\u00e9e et sal\u00e9e, cr\u00e9ations en p\u00e2te polym\u00e8re, broderies, d\u00e9corations et luminaires en carton, coutellerie, d\u00e9corations en fil de fer, bijoux, cr\u00e9ations en cuir, cr\u00e9ations textile pour petits et grands, sculptures en Raku, c\u00e9ramiques, linogravures, gin et bi\u00e8res artisanales \ud83d\udecd\ufe0f\ud83c\udf84<\/p>\n\n\n\n<p>\ud83c\udf7b\ud83c\udf6a Ambiance conviviale assur\u00e9e par nos exposants La Brasserie Bouillant et Les P\u00e2tisseries de Noellie  \ud83c\udf6a\ud83c\udf7b<\/p>\n\n\n\n<p>\ud83d\udcc6 Samedi 13 et dimanche 14 d\u00e9cembre<br>\u23f0 De 10h \u00e0 19h30<br>\ud83d\udccdChapelle des Ducs 30\/32 rue Jean-Baptiste Baudin 21000 Dijon<br>\ud83c\udf81\u267f\ufe0f Entr\u00e9e gratuite et accessible pour tous \u2764\ufe0f<\/p>\n\n\n\n<p>Retrouvez:<br><a href=\"https:\/\/www.instagram.com\/la_chouette_cuivree\/\">@la_chouette_cuivree<\/a><br><a href=\"https:\/\/www.instagram.com\/phil21121\/\">@phil21121<\/a><br><a href=\"https:\/\/www.instagram.com\/cla10124\/\">@cla10124<\/a>&nbsp;du&nbsp;<a href=\"https:\/\/www.instagram.com\/le_clos_des_artisans\/\">@le_clos_des_artisans<\/a><br><a href=\"https:\/\/www.instagram.com\/lart_de_rien\/\">@lart_de_rien<\/a><br><a href=\"https:\/\/www.instagram.com\/laboutiquedahenora\/\">@laboutiquedahenora<\/a><br><a href=\"https:\/\/www.instagram.com\/terres_indie_1\/\">@terres_indie_1<\/a><br><a href=\"https:\/\/www.instagram.com\/lilettecreation\/\">@lilettecreation<\/a><br><a href=\"https:\/\/www.instagram.com\/cest_paulette_qui_la_fait\/\">@cest_paulette_qui_la_fait<\/a><br><a href=\"https:\/\/www.instagram.com\/noellielacharme\/\">@noellielacharme<\/a><br><a href=\"https:\/\/www.instagram.com\/sigreige\/\">@sigreige<\/a><br><a href=\"https:\/\/www.instagram.com\/plume_de_carton\/\">@plume_de_carton<\/a><\/p>\n<\/div><!-- .vgblk-rw-wrapper -->","protected":false},"excerpt":{"rendered":"<p>A l\u2019approche des f\u00eates de fin d\u2019ann\u00e9e, La Chapelle des Ducs se pare de guirlandes scintillantes pour accueillir 18 artisans et producteurs locaux dans une ambiance encheteresse digne des contes de No\u00ebl! \u2728Venez d\u00e9couvrir des id\u00e9es cadeaux pour toute la famille et tous les budgets\u2728 \ud83c\udf84\ud83d\udecd\ufe0f Miels, bougies, sapins et couronnes de No\u00ebl, biscuiterie sucr\u00e9e&#8230;<\/p>\n","protected":false},"author":1,"featured_media":992679,"comment_status":"open","ping_status":"open","sticky":false,"template":"","format":"standard","meta":{"footnotes":""},"categories":[112,55],"tags":[],"class_list":["post-992674","post","type-post","status-publish","format-standard","has-post-thumbnail","hentry","category-exposition-vente","category-marche-de-noel"],"yoast_head":"<!-- This site is optimized with the Yoast SEO plugin v27.5 - https:\/\/yoast.com\/product\/yoast-seo-wordpress\/ -->\n<title>March\u00e9 de No\u00ebl Samedi 13 et dimanche 14 d\u00e9cembre 2025 - Najette Bordji, cr\u00e9atrice de bijoux artisan d&#039;art<\/title>\n<meta name=\"robots\" content=\"index, follow, max-snippet:-1, max-image-preview:large, max-video-preview:-1\" \/>\n<link rel=\"canonical\" href=\"https:\/\/nb-bijoux.fr\/?p=992674\" \/>\n<meta property=\"og:locale\" content=\"fr_FR\" \/>\n<meta property=\"og:type\" content=\"article\" \/>\n<meta property=\"og:title\" content=\"March\u00e9 de No\u00ebl Samedi 13 et dimanche 14 d\u00e9cembre 2025 - Najette Bordji, cr\u00e9atrice de bijoux artisan d&#039;art\" \/>\n<meta property=\"og:description\" content=\"A l\u2019approche des f\u00eates de fin d\u2019ann\u00e9e, La Chapelle des Ducs se pare de guirlandes scintillantes pour accueillir 18 artisans et producteurs locaux dans une ambiance encheteresse digne des contes de No\u00ebl! \u2728Venez d\u00e9couvrir des id\u00e9es cadeaux pour toute la famille et tous les budgets\u2728 \ud83c\udf84\ud83d\udecd\ufe0f Miels, bougies, sapins et couronnes de No\u00ebl, biscuiterie sucr\u00e9e...\" \/>\n<meta property=\"og:url\" content=\"https:\/\/nb-bijoux.fr\/?p=992674\" \/>\n<meta property=\"og:site_name\" content=\"Najette Bordji, cr\u00e9atrice de bijoux artisan d&#039;art\" \/>\n<meta property=\"article:publisher\" content=\"https:\/\/www.facebook.com\/najette.bordjibijoux\" \/>\n<meta property=\"article:published_time\" content=\"2025-12-07T16:03:30+00:00\" \/>\n<meta property=\"article:modified_time\" content=\"2025-12-07T16:28:07+00:00\" \/>\n<meta property=\"og:image\" content=\"https:\/\/nb-bijoux.fr\/wp-content\/uploads\/2025\/12\/Marche-de-Noel-a-La-Chapelle-des-Ducs-2.jpg\" \/>\n\t<meta property=\"og:image:width\" content=\"1131\" \/>\n\t<meta property=\"og:image:height\" content=\"1600\" \/>\n\t<meta property=\"og:image:type\" content=\"image\/jpeg\" \/>\n<meta name=\"author\" content=\"Katmai\" \/>\n<meta name=\"twitter:card\" content=\"summary_large_image\" \/>\n<meta name=\"twitter:label1\" content=\"\u00c9crit par\" \/>\n\t<meta name=\"twitter:data1\" content=\"Katmai\" \/>\n\t<meta name=\"twitter:label2\" content=\"Dur\u00e9e de lecture estim\u00e9e\" \/>\n\t<meta name=\"twitter:data2\" content=\"1 minute\" \/>\n<script type=\"application\/ld+json\" class=\"yoast-schema-graph\">{\"@context\":\"https:\\\/\\\/schema.org\",\"@graph\":[{\"@type\":\"Article\",\"@id\":\"https:\\\/\\\/nb-bijoux.fr\\\/?p=992674#article\",\"isPartOf\":{\"@id\":\"https:\\\/\\\/nb-bijoux.fr\\\/?p=992674\"},\"author\":{\"name\":\"Katmai\",\"@id\":\"https:\\\/\\\/nb-bijoux.fr\\\/#\\\/schema\\\/person\\\/b88832d7e9815443a417d6e8c5507a1d\"},\"headline\":\"March\u00e9 de No\u00ebl Samedi 13 et dimanche 14 d\u00e9cembre 2025\",\"datePublished\":\"2025-12-07T16:03:30+00:00\",\"dateModified\":\"2025-12-07T16:28:07+00:00\",\"mainEntityOfPage\":{\"@id\":\"https:\\\/\\\/nb-bijoux.fr\\\/?p=992674\"},\"wordCount\":186,\"commentCount\":0,\"publisher\":{\"@id\":\"https:\\\/\\\/nb-bijoux.fr\\\/#organization\"},\"image\":{\"@id\":\"https:\\\/\\\/nb-bijoux.fr\\\/?p=992674#primaryimage\"},\"thumbnailUrl\":\"https:\\\/\\\/nb-bijoux.fr\\\/wp-content\\\/uploads\\\/2025\\\/12\\\/Marche-de-Noel-a-La-Chapelle-des-Ducs-2.jpg\",\"articleSection\":[\"Exposition-Vente\",\"March\u00e9 de No\u00ebl\"],\"inLanguage\":\"fr-FR\",\"potentialAction\":[{\"@type\":\"CommentAction\",\"name\":\"Comment\",\"target\":[\"https:\\\/\\\/nb-bijoux.fr\\\/?p=992674#respond\"]}]},{\"@type\":\"WebPage\",\"@id\":\"https:\\\/\\\/nb-bijoux.fr\\\/?p=992674\",\"url\":\"https:\\\/\\\/nb-bijoux.fr\\\/?p=992674\",\"name\":\"March\u00e9 de No\u00ebl Samedi 13 et dimanche 14 d\u00e9cembre 2025 - Najette Bordji, cr\u00e9atrice de bijoux artisan d&#039;art\",\"isPartOf\":{\"@id\":\"https:\\\/\\\/nb-bijoux.fr\\\/#website\"},\"primaryImageOfPage\":{\"@id\":\"https:\\\/\\\/nb-bijoux.fr\\\/?p=992674#primaryimage\"},\"image\":{\"@id\":\"https:\\\/\\\/nb-bijoux.fr\\\/?p=992674#primaryimage\"},\"thumbnailUrl\":\"https:\\\/\\\/nb-bijoux.fr\\\/wp-content\\\/uploads\\\/2025\\\/12\\\/Marche-de-Noel-a-La-Chapelle-des-Ducs-2.jpg\",\"datePublished\":\"2025-12-07T16:03:30+00:00\",\"dateModified\":\"2025-12-07T16:28:07+00:00\",\"breadcrumb\":{\"@id\":\"https:\\\/\\\/nb-bijoux.fr\\\/?p=992674#breadcrumb\"},\"inLanguage\":\"fr-FR\",\"potentialAction\":[{\"@type\":\"ReadAction\",\"target\":[\"https:\\\/\\\/nb-bijoux.fr\\\/?p=992674\"]}]},{\"@type\":\"ImageObject\",\"inLanguage\":\"fr-FR\",\"@id\":\"https:\\\/\\\/nb-bijoux.fr\\\/?p=992674#primaryimage\",\"url\":\"https:\\\/\\\/nb-bijoux.fr\\\/wp-content\\\/uploads\\\/2025\\\/12\\\/Marche-de-Noel-a-La-Chapelle-des-Ducs-2.jpg\",\"contentUrl\":\"https:\\\/\\\/nb-bijoux.fr\\\/wp-content\\\/uploads\\\/2025\\\/12\\\/Marche-de-Noel-a-La-Chapelle-des-Ducs-2.jpg\",\"width\":1131,\"height\":1600},{\"@type\":\"BreadcrumbList\",\"@id\":\"https:\\\/\\\/nb-bijoux.fr\\\/?p=992674#breadcrumb\",\"itemListElement\":[{\"@type\":\"ListItem\",\"position\":1,\"name\":\"Accueil\",\"item\":\"https:\\\/\\\/nb-bijoux.fr\\\/\"},{\"@type\":\"ListItem\",\"position\":2,\"name\":\"March\u00e9 de No\u00ebl Samedi 13 et dimanche 14 d\u00e9cembre 2025\"}]},{\"@type\":\"WebSite\",\"@id\":\"https:\\\/\\\/nb-bijoux.fr\\\/#website\",\"url\":\"https:\\\/\\\/nb-bijoux.fr\\\/\",\"name\":\"nb-bijoux\",\"description\":\"La boutique de Najette Bordji, bijoux d&#039;art et Haute-Fantaisie\",\"publisher\":{\"@id\":\"https:\\\/\\\/nb-bijoux.fr\\\/#organization\"},\"potentialAction\":[{\"@type\":\"SearchAction\",\"target\":{\"@type\":\"EntryPoint\",\"urlTemplate\":\"https:\\\/\\\/nb-bijoux.fr\\\/?s={search_term_string}\"},\"query-input\":{\"@type\":\"PropertyValueSpecification\",\"valueRequired\":true,\"valueName\":\"search_term_string\"}}],\"inLanguage\":\"fr-FR\"},{\"@type\":\"Organization\",\"@id\":\"https:\\\/\\\/nb-bijoux.fr\\\/#organization\",\"name\":\"Boutique de Najette Bordji, cr\u00e9atrice de bijoux artisan d'Art\",\"url\":\"https:\\\/\\\/nb-bijoux.fr\\\/\",\"logo\":{\"@type\":\"ImageObject\",\"inLanguage\":\"fr-FR\",\"@id\":\"https:\\\/\\\/nb-bijoux.fr\\\/#\\\/schema\\\/logo\\\/image\\\/\",\"url\":\"https:\\\/\\\/nb-bijoux.fr\\\/wp-content\\\/uploads\\\/2023\\\/08\\\/cropped-cropped-cropped-logo.png\",\"contentUrl\":\"https:\\\/\\\/nb-bijoux.fr\\\/wp-content\\\/uploads\\\/2023\\\/08\\\/cropped-cropped-cropped-logo.png\",\"width\":400,\"height\":60,\"caption\":\"Boutique de Najette Bordji, cr\u00e9atrice de bijoux artisan d'Art\"},\"image\":{\"@id\":\"https:\\\/\\\/nb-bijoux.fr\\\/#\\\/schema\\\/logo\\\/image\\\/\"},\"sameAs\":[\"https:\\\/\\\/www.facebook.com\\\/najette.bordjibijoux\",\"https:\\\/\\\/www.instagram.com\\\/najettebordji\\\/\"]},{\"@type\":\"Person\",\"@id\":\"https:\\\/\\\/nb-bijoux.fr\\\/#\\\/schema\\\/person\\\/b88832d7e9815443a417d6e8c5507a1d\",\"name\":\"Katmai\",\"image\":{\"@type\":\"ImageObject\",\"inLanguage\":\"fr-FR\",\"@id\":\"https:\\\/\\\/secure.gravatar.com\\\/avatar\\\/09f4c975763a5186dc426a402299823b8758b19f59eb9f5a0e83cddfc15b0186?s=96&d=mm&r=g\",\"url\":\"https:\\\/\\\/secure.gravatar.com\\\/avatar\\\/09f4c975763a5186dc426a402299823b8758b19f59eb9f5a0e83cddfc15b0186?s=96&d=mm&r=g\",\"contentUrl\":\"https:\\\/\\\/secure.gravatar.com\\\/avatar\\\/09f4c975763a5186dc426a402299823b8758b19f59eb9f5a0e83cddfc15b0186?s=96&d=mm&r=g\",\"caption\":\"Katmai\"},\"sameAs\":[\"http:\\\/\\\/nb-bijoux.fr\"],\"url\":\"https:\\\/\\\/nb-bijoux.fr\\\/?author=1\"}]}<\/script>\n<!-- \/ Yoast SEO plugin. -->","yoast_head_json":{"title":"March\u00e9 de No\u00ebl Samedi 13 et dimanche 14 d\u00e9cembre 2025 - Najette Bordji, cr\u00e9atrice de bijoux artisan d&#039;art","robots":{"index":"index","follow":"follow","max-snippet":"max-snippet:-1","max-image-preview":"max-image-preview:large","max-video-preview":"max-video-preview:-1"},"canonical":"https:\/\/nb-bijoux.fr\/?p=992674","og_locale":"fr_FR","og_type":"article","og_title":"March\u00e9 de No\u00ebl Samedi 13 et dimanche 14 d\u00e9cembre 2025 - Najette Bordji, cr\u00e9atrice de bijoux artisan d&#039;art","og_description":"A l\u2019approche des f\u00eates de fin d\u2019ann\u00e9e, La Chapelle des Ducs se pare de guirlandes scintillantes pour accueillir 18 artisans et producteurs locaux dans une ambiance encheteresse digne des contes de No\u00ebl! \u2728Venez d\u00e9couvrir des id\u00e9es cadeaux pour toute la famille et tous les budgets\u2728 \ud83c\udf84\ud83d\udecd\ufe0f Miels, bougies, sapins et couronnes de No\u00ebl, biscuiterie sucr\u00e9e...","og_url":"https:\/\/nb-bijoux.fr\/?p=992674","og_site_name":"Najette Bordji, cr\u00e9atrice de bijoux artisan d&#039;art","article_publisher":"https:\/\/www.facebook.com\/najette.bordjibijoux","article_published_time":"2025-12-07T16:03:30+00:00","article_modified_time":"2025-12-07T16:28:07+00:00","og_image":[{"width":1131,"height":1600,"url":"https:\/\/nb-bijoux.fr\/wp-content\/uploads\/2025\/12\/Marche-de-Noel-a-La-Chapelle-des-Ducs-2.jpg","type":"image\/jpeg"}],"author":"Katmai","twitter_card":"summary_large_image","twitter_misc":{"\u00c9crit par":"Katmai","Dur\u00e9e de lecture estim\u00e9e":"1 minute"},"schema":{"@context":"https:\/\/schema.org","@graph":[{"@type":"Article","@id":"https:\/\/nb-bijoux.fr\/?p=992674#article","isPartOf":{"@id":"https:\/\/nb-bijoux.fr\/?p=992674"},"author":{"name":"Katmai","@id":"https:\/\/nb-bijoux.fr\/#\/schema\/person\/b88832d7e9815443a417d6e8c5507a1d"},"headline":"March\u00e9 de No\u00ebl Samedi 13 et dimanche 14 d\u00e9cembre 2025","datePublished":"2025-12-07T16:03:30+00:00","dateModified":"2025-12-07T16:28:07+00:00","mainEntityOfPage":{"@id":"https:\/\/nb-bijoux.fr\/?p=992674"},"wordCount":186,"commentCount":0,"publisher":{"@id":"https:\/\/nb-bijoux.fr\/#organization"},"image":{"@id":"https:\/\/nb-bijoux.fr\/?p=992674#primaryimage"},"thumbnailUrl":"https:\/\/nb-bijoux.fr\/wp-content\/uploads\/2025\/12\/Marche-de-Noel-a-La-Chapelle-des-Ducs-2.jpg","articleSection":["Exposition-Vente","March\u00e9 de No\u00ebl"],"inLanguage":"fr-FR","potentialAction":[{"@type":"CommentAction","name":"Comment","target":["https:\/\/nb-bijoux.fr\/?p=992674#respond"]}]},{"@type":"WebPage","@id":"https:\/\/nb-bijoux.fr\/?p=992674","url":"https:\/\/nb-bijoux.fr\/?p=992674","name":"March\u00e9 de No\u00ebl Samedi 13 et dimanche 14 d\u00e9cembre 2025 - Najette Bordji, cr\u00e9atrice de bijoux artisan d&#039;art","isPartOf":{"@id":"https:\/\/nb-bijoux.fr\/#website"},"primaryImageOfPage":{"@id":"https:\/\/nb-bijoux.fr\/?p=992674#primaryimage"},"image":{"@id":"https:\/\/nb-bijoux.fr\/?p=992674#primaryimage"},"thumbnailUrl":"https:\/\/nb-bijoux.fr\/wp-content\/uploads\/2025\/12\/Marche-de-Noel-a-La-Chapelle-des-Ducs-2.jpg","datePublished":"2025-12-07T16:03:30+00:00","dateModified":"2025-12-07T16:28:07+00:00","breadcrumb":{"@id":"https:\/\/nb-bijoux.fr\/?p=992674#breadcrumb"},"inLanguage":"fr-FR","potentialAction":[{"@type":"ReadAction","target":["https:\/\/nb-bijoux.fr\/?p=992674"]}]},{"@type":"ImageObject","inLanguage":"fr-FR","@id":"https:\/\/nb-bijoux.fr\/?p=992674#primaryimage","url":"https:\/\/nb-bijoux.fr\/wp-content\/uploads\/2025\/12\/Marche-de-Noel-a-La-Chapelle-des-Ducs-2.jpg","contentUrl":"https:\/\/nb-bijoux.fr\/wp-content\/uploads\/2025\/12\/Marche-de-Noel-a-La-Chapelle-des-Ducs-2.jpg","width":1131,"height":1600},{"@type":"BreadcrumbList","@id":"https:\/\/nb-bijoux.fr\/?p=992674#breadcrumb","itemListElement":[{"@type":"ListItem","position":1,"name":"Accueil","item":"https:\/\/nb-bijoux.fr\/"},{"@type":"ListItem","position":2,"name":"March\u00e9 de No\u00ebl Samedi 13 et dimanche 14 d\u00e9cembre 2025"}]},{"@type":"WebSite","@id":"https:\/\/nb-bijoux.fr\/#website","url":"https:\/\/nb-bijoux.fr\/","name":"nb-bijoux","description":"La boutique de Najette Bordji, bijoux d&#039;art et Haute-Fantaisie","publisher":{"@id":"https:\/\/nb-bijoux.fr\/#organization"},"potentialAction":[{"@type":"SearchAction","target":{"@type":"EntryPoint","urlTemplate":"https:\/\/nb-bijoux.fr\/?s={search_term_string}"},"query-input":{"@type":"PropertyValueSpecification","valueRequired":true,"valueName":"search_term_string"}}],"inLanguage":"fr-FR"},{"@type":"Organization","@id":"https:\/\/nb-bijoux.fr\/#organization","name":"Boutique de Najette Bordji, cr\u00e9atrice de bijoux artisan d'Art","url":"https:\/\/nb-bijoux.fr\/","logo":{"@type":"ImageObject","inLanguage":"fr-FR","@id":"https:\/\/nb-bijoux.fr\/#\/schema\/logo\/image\/","url":"https:\/\/nb-bijoux.fr\/wp-content\/uploads\/2023\/08\/cropped-cropped-cropped-logo.png","contentUrl":"https:\/\/nb-bijoux.fr\/wp-content\/uploads\/2023\/08\/cropped-cropped-cropped-logo.png","width":400,"height":60,"caption":"Boutique de Najette Bordji, cr\u00e9atrice de bijoux artisan d'Art"},"image":{"@id":"https:\/\/nb-bijoux.fr\/#\/schema\/logo\/image\/"},"sameAs":["https:\/\/www.facebook.com\/najette.bordjibijoux","https:\/\/www.instagram.com\/najettebordji\/"]},{"@type":"Person","@id":"https:\/\/nb-bijoux.fr\/#\/schema\/person\/b88832d7e9815443a417d6e8c5507a1d","name":"Katmai","image":{"@type":"ImageObject","inLanguage":"fr-FR","@id":"https:\/\/secure.gravatar.com\/avatar\/09f4c975763a5186dc426a402299823b8758b19f59eb9f5a0e83cddfc15b0186?s=96&d=mm&r=g","url":"https:\/\/secure.gravatar.com\/avatar\/09f4c975763a5186dc426a402299823b8758b19f59eb9f5a0e83cddfc15b0186?s=96&d=mm&r=g","contentUrl":"https:\/\/secure.gravatar.com\/avatar\/09f4c975763a5186dc426a402299823b8758b19f59eb9f5a0e83cddfc15b0186?s=96&d=mm&r=g","caption":"Katmai"},"sameAs":["http:\/\/nb-bijoux.fr"],"url":"https:\/\/nb-bijoux.fr\/?author=1"}]}},"_links":{"self":[{"href":"https:\/\/nb-bijoux.fr\/index.php?rest_route=\/wp\/v2\/posts\/992674","targetHints":{"allow":["GET"]}}],"collection":[{"href":"https:\/\/nb-bijoux.fr\/index.php?rest_route=\/wp\/v2\/posts"}],"about":[{"href":"https:\/\/nb-bijoux.fr\/index.php?rest_route=\/wp\/v2\/types\/post"}],"author":[{"embeddable":true,"href":"https:\/\/nb-bijoux.fr\/index.php?rest_route=\/wp\/v2\/users\/1"}],"replies":[{"embeddable":true,"href":"https:\/\/nb-bijoux.fr\/index.php?rest_route=%2Fwp%2Fv2%2Fcomments&post=992674"}],"version-history":[{"count":5,"href":"https:\/\/nb-bijoux.fr\/index.php?rest_route=\/wp\/v2\/posts\/992674\/revisions"}],"predecessor-version":[{"id":992684,"href":"https:\/\/nb-bijoux.fr\/index.php?rest_route=\/wp\/v2\/posts\/992674\/revisions\/992684"}],"wp:featuredmedia":[{"embeddable":true,"href":"https:\/\/nb-bijoux.fr\/index.php?rest_route=\/wp\/v2\/media\/992679"}],"wp:attachment":[{"href":"https:\/\/nb-bijoux.fr\/index.php?rest_route=%2Fwp%2Fv2%2Fmedia&parent=992674"}],"wp:term":[{"taxonomy":"category","embeddable":true,"href":"https:\/\/nb-bijoux.fr\/index.php?rest_route=%2Fwp%2Fv2%2Fcategories&post=992674"},{"taxonomy":"post_tag","embeddable":true,"href":"https:\/\/nb-bijoux.fr\/index.php?rest_route=%2Fwp%2Fv2%2Ftags&post=992674"}],"curies":[{"name":"wp","href":"https:\/\/api.w.org\/{rel}","templated":true}]}}