{"id":992409,"date":"2025-03-03T22:32:19","date_gmt":"2025-03-03T21:32:19","guid":{"rendered":"https:\/\/nb-bijoux.fr\/?p=992409"},"modified":"2025-03-03T22:39:17","modified_gmt":"2025-03-03T21:39:17","slug":"exposition-artisanale-a-la-cigv","status":"publish","type":"post","link":"https:\/\/nb-bijoux.fr\/?p=992409","title":{"rendered":"Exposition Artisanale \u00e0 la CIGV"},"content":{"rendered":"<div class=\"vgblk-rw-wrapper limit-wrapper\">\n<figure class=\"wp-block-image size-large\"><img fetchpriority=\"high\" decoding=\"async\" width=\"723\" height=\"1024\" src=\"https:\/\/nb-bijoux.fr\/wp-content\/uploads\/2025\/03\/Affiche-CIGV-15-et-16-Mars-2025-723x1024.jpg\" alt=\"\" class=\"wp-image-992408\" srcset=\"https:\/\/nb-bijoux.fr\/wp-content\/uploads\/2025\/03\/Affiche-CIGV-15-et-16-Mars-2025-723x1024.jpg 723w, https:\/\/nb-bijoux.fr\/wp-content\/uploads\/2025\/03\/Affiche-CIGV-15-et-16-Mars-2025-212x300.jpg 212w, https:\/\/nb-bijoux.fr\/wp-content\/uploads\/2025\/03\/Affiche-CIGV-15-et-16-Mars-2025-768x1088.jpg 768w, https:\/\/nb-bijoux.fr\/wp-content\/uploads\/2025\/03\/Affiche-CIGV-15-et-16-Mars-2025-1085x1536.jpg 1085w, https:\/\/nb-bijoux.fr\/wp-content\/uploads\/2025\/03\/Affiche-CIGV-15-et-16-Mars-2025-1260x1785.jpg 1260w, https:\/\/nb-bijoux.fr\/wp-content\/uploads\/2025\/03\/Affiche-CIGV-15-et-16-Mars-2025-630x892.jpg 630w, https:\/\/nb-bijoux.fr\/wp-content\/uploads\/2025\/03\/Affiche-CIGV-15-et-16-Mars-2025.jpg 1446w\" sizes=\"(max-width: 723px) 100vw, 723px\" \/><\/figure>\n\n\n\n<p>Pour commencer la saison des march\u00e9s de cr\u00e9ateurs, je vous donne rendez-vous samedi 15 et dimanche 16 mars \u00e0 La Cit\u00e9 Internationale de la Gastronomie et du Vin de Dijon,  entour\u00e9e de nombreux artisans et cr\u00e9ateurs locaux talentueux!<\/p>\n\n\n\n<p>Que vous soyez dijonnais ou de passage dans notre belle ville, venez d\u00e9couvrir de magnifiques cr\u00e9ations artisanales dans un cadre exceptionnel sous la canop\u00e9e de verre du Village de la Cit\u00e9.<\/p>\n\n\n\n<p><\/p>\n<\/div><!-- .vgblk-rw-wrapper -->","protected":false},"excerpt":{"rendered":"<p>Pour commencer la saison des march\u00e9s de cr\u00e9ateurs, je vous donne rendez-vous samedi 15 et dimanche 16 mars \u00e0 La Cit\u00e9 Internationale de la Gastronomie et du Vin de Dijon, entour\u00e9e de nombreux artisans et cr\u00e9ateurs locaux talentueux! Que vous soyez dijonnais ou de passage dans notre belle ville, venez d\u00e9couvrir de magnifiques cr\u00e9ations artisanales&#8230;<\/p>\n","protected":false},"author":1,"featured_media":992408,"comment_status":"open","ping_status":"open","sticky":false,"template":"","format":"standard","meta":{"footnotes":""},"categories":[112],"tags":[],"class_list":["post-992409","post","type-post","status-publish","format-standard","has-post-thumbnail","hentry","category-exposition-vente"],"yoast_head":"<!-- This site is optimized with the Yoast SEO plugin v27.5 - https:\/\/yoast.com\/product\/yoast-seo-wordpress\/ -->\n<title>Exposition Artisanale \u00e0 la CIGV - Najette Bordji, cr\u00e9atrice de bijoux artisan d&#039;art<\/title>\n<meta name=\"robots\" content=\"index, follow, max-snippet:-1, max-image-preview:large, max-video-preview:-1\" \/>\n<link rel=\"canonical\" href=\"https:\/\/nb-bijoux.fr\/?p=992409\" \/>\n<meta property=\"og:locale\" content=\"fr_FR\" \/>\n<meta property=\"og:type\" content=\"article\" \/>\n<meta property=\"og:title\" content=\"Exposition Artisanale \u00e0 la CIGV - Najette Bordji, cr\u00e9atrice de bijoux artisan d&#039;art\" \/>\n<meta property=\"og:description\" content=\"Pour commencer la saison des march\u00e9s de cr\u00e9ateurs, je vous donne rendez-vous samedi 15 et dimanche 16 mars \u00e0 La Cit\u00e9 Internationale de la Gastronomie et du Vin de Dijon, entour\u00e9e de nombreux artisans et cr\u00e9ateurs locaux talentueux! Que vous soyez dijonnais ou de passage dans notre belle ville, venez d\u00e9couvrir de magnifiques cr\u00e9ations artisanales...\" \/>\n<meta property=\"og:url\" content=\"https:\/\/nb-bijoux.fr\/?p=992409\" \/>\n<meta property=\"og:site_name\" content=\"Najette Bordji, cr\u00e9atrice de bijoux artisan d&#039;art\" \/>\n<meta property=\"article:publisher\" content=\"https:\/\/www.facebook.com\/najette.bordjibijoux\" \/>\n<meta property=\"article:published_time\" content=\"2025-03-03T21:32:19+00:00\" \/>\n<meta property=\"article:modified_time\" content=\"2025-03-03T21:39:17+00:00\" \/>\n<meta property=\"og:image\" content=\"https:\/\/nb-bijoux.fr\/wp-content\/uploads\/2025\/03\/Affiche-CIGV-15-et-16-Mars-2025.jpg\" \/>\n\t<meta property=\"og:image:width\" content=\"1446\" \/>\n\t<meta property=\"og:image:height\" content=\"2048\" \/>\n\t<meta property=\"og:image:type\" content=\"image\/jpeg\" \/>\n<meta name=\"author\" content=\"Katmai\" \/>\n<meta name=\"twitter:card\" content=\"summary_large_image\" \/>\n<meta name=\"twitter:label1\" content=\"\u00c9crit par\" \/>\n\t<meta name=\"twitter:data1\" content=\"Katmai\" \/>\n\t<meta name=\"twitter:label2\" content=\"Dur\u00e9e de lecture estim\u00e9e\" \/>\n\t<meta name=\"twitter:data2\" content=\"1 minute\" \/>\n<script type=\"application\/ld+json\" class=\"yoast-schema-graph\">{\"@context\":\"https:\\\/\\\/schema.org\",\"@graph\":[{\"@type\":\"Article\",\"@id\":\"https:\\\/\\\/nb-bijoux.fr\\\/?p=992409#article\",\"isPartOf\":{\"@id\":\"https:\\\/\\\/nb-bijoux.fr\\\/?p=992409\"},\"author\":{\"name\":\"Katmai\",\"@id\":\"https:\\\/\\\/nb-bijoux.fr\\\/#\\\/schema\\\/person\\\/b88832d7e9815443a417d6e8c5507a1d\"},\"headline\":\"Exposition Artisanale \u00e0 la CIGV\",\"datePublished\":\"2025-03-03T21:32:19+00:00\",\"dateModified\":\"2025-03-03T21:39:17+00:00\",\"mainEntityOfPage\":{\"@id\":\"https:\\\/\\\/nb-bijoux.fr\\\/?p=992409\"},\"wordCount\":77,\"commentCount\":0,\"publisher\":{\"@id\":\"https:\\\/\\\/nb-bijoux.fr\\\/#organization\"},\"image\":{\"@id\":\"https:\\\/\\\/nb-bijoux.fr\\\/?p=992409#primaryimage\"},\"thumbnailUrl\":\"https:\\\/\\\/nb-bijoux.fr\\\/wp-content\\\/uploads\\\/2025\\\/03\\\/Affiche-CIGV-15-et-16-Mars-2025.jpg\",\"articleSection\":[\"Exposition-Vente\"],\"inLanguage\":\"fr-FR\",\"potentialAction\":[{\"@type\":\"CommentAction\",\"name\":\"Comment\",\"target\":[\"https:\\\/\\\/nb-bijoux.fr\\\/?p=992409#respond\"]}]},{\"@type\":\"WebPage\",\"@id\":\"https:\\\/\\\/nb-bijoux.fr\\\/?p=992409\",\"url\":\"https:\\\/\\\/nb-bijoux.fr\\\/?p=992409\",\"name\":\"Exposition Artisanale \u00e0 la CIGV - Najette Bordji, cr\u00e9atrice de bijoux artisan d&#039;art\",\"isPartOf\":{\"@id\":\"https:\\\/\\\/nb-bijoux.fr\\\/#website\"},\"primaryImageOfPage\":{\"@id\":\"https:\\\/\\\/nb-bijoux.fr\\\/?p=992409#primaryimage\"},\"image\":{\"@id\":\"https:\\\/\\\/nb-bijoux.fr\\\/?p=992409#primaryimage\"},\"thumbnailUrl\":\"https:\\\/\\\/nb-bijoux.fr\\\/wp-content\\\/uploads\\\/2025\\\/03\\\/Affiche-CIGV-15-et-16-Mars-2025.jpg\",\"datePublished\":\"2025-03-03T21:32:19+00:00\",\"dateModified\":\"2025-03-03T21:39:17+00:00\",\"breadcrumb\":{\"@id\":\"https:\\\/\\\/nb-bijoux.fr\\\/?p=992409#breadcrumb\"},\"inLanguage\":\"fr-FR\",\"potentialAction\":[{\"@type\":\"ReadAction\",\"target\":[\"https:\\\/\\\/nb-bijoux.fr\\\/?p=992409\"]}]},{\"@type\":\"ImageObject\",\"inLanguage\":\"fr-FR\",\"@id\":\"https:\\\/\\\/nb-bijoux.fr\\\/?p=992409#primaryimage\",\"url\":\"https:\\\/\\\/nb-bijoux.fr\\\/wp-content\\\/uploads\\\/2025\\\/03\\\/Affiche-CIGV-15-et-16-Mars-2025.jpg\",\"contentUrl\":\"https:\\\/\\\/nb-bijoux.fr\\\/wp-content\\\/uploads\\\/2025\\\/03\\\/Affiche-CIGV-15-et-16-Mars-2025.jpg\",\"width\":1446,\"height\":2048},{\"@type\":\"BreadcrumbList\",\"@id\":\"https:\\\/\\\/nb-bijoux.fr\\\/?p=992409#breadcrumb\",\"itemListElement\":[{\"@type\":\"ListItem\",\"position\":1,\"name\":\"Accueil\",\"item\":\"https:\\\/\\\/nb-bijoux.fr\\\/\"},{\"@type\":\"ListItem\",\"position\":2,\"name\":\"Exposition Artisanale \u00e0 la CIGV\"}]},{\"@type\":\"WebSite\",\"@id\":\"https:\\\/\\\/nb-bijoux.fr\\\/#website\",\"url\":\"https:\\\/\\\/nb-bijoux.fr\\\/\",\"name\":\"nb-bijoux\",\"description\":\"La boutique de Najette Bordji, bijoux d&#039;art et Haute-Fantaisie\",\"publisher\":{\"@id\":\"https:\\\/\\\/nb-bijoux.fr\\\/#organization\"},\"potentialAction\":[{\"@type\":\"SearchAction\",\"target\":{\"@type\":\"EntryPoint\",\"urlTemplate\":\"https:\\\/\\\/nb-bijoux.fr\\\/?s={search_term_string}\"},\"query-input\":{\"@type\":\"PropertyValueSpecification\",\"valueRequired\":true,\"valueName\":\"search_term_string\"}}],\"inLanguage\":\"fr-FR\"},{\"@type\":\"Organization\",\"@id\":\"https:\\\/\\\/nb-bijoux.fr\\\/#organization\",\"name\":\"Boutique de Najette Bordji, cr\u00e9atrice de bijoux artisan d'Art\",\"url\":\"https:\\\/\\\/nb-bijoux.fr\\\/\",\"logo\":{\"@type\":\"ImageObject\",\"inLanguage\":\"fr-FR\",\"@id\":\"https:\\\/\\\/nb-bijoux.fr\\\/#\\\/schema\\\/logo\\\/image\\\/\",\"url\":\"https:\\\/\\\/nb-bijoux.fr\\\/wp-content\\\/uploads\\\/2023\\\/08\\\/cropped-cropped-cropped-logo.png\",\"contentUrl\":\"https:\\\/\\\/nb-bijoux.fr\\\/wp-content\\\/uploads\\\/2023\\\/08\\\/cropped-cropped-cropped-logo.png\",\"width\":400,\"height\":60,\"caption\":\"Boutique de Najette Bordji, cr\u00e9atrice de bijoux artisan d'Art\"},\"image\":{\"@id\":\"https:\\\/\\\/nb-bijoux.fr\\\/#\\\/schema\\\/logo\\\/image\\\/\"},\"sameAs\":[\"https:\\\/\\\/www.facebook.com\\\/najette.bordjibijoux\",\"https:\\\/\\\/www.instagram.com\\\/najettebordji\\\/\"]},{\"@type\":\"Person\",\"@id\":\"https:\\\/\\\/nb-bijoux.fr\\\/#\\\/schema\\\/person\\\/b88832d7e9815443a417d6e8c5507a1d\",\"name\":\"Katmai\",\"image\":{\"@type\":\"ImageObject\",\"inLanguage\":\"fr-FR\",\"@id\":\"https:\\\/\\\/secure.gravatar.com\\\/avatar\\\/09f4c975763a5186dc426a402299823b8758b19f59eb9f5a0e83cddfc15b0186?s=96&d=mm&r=g\",\"url\":\"https:\\\/\\\/secure.gravatar.com\\\/avatar\\\/09f4c975763a5186dc426a402299823b8758b19f59eb9f5a0e83cddfc15b0186?s=96&d=mm&r=g\",\"contentUrl\":\"https:\\\/\\\/secure.gravatar.com\\\/avatar\\\/09f4c975763a5186dc426a402299823b8758b19f59eb9f5a0e83cddfc15b0186?s=96&d=mm&r=g\",\"caption\":\"Katmai\"},\"sameAs\":[\"http:\\\/\\\/nb-bijoux.fr\"],\"url\":\"https:\\\/\\\/nb-bijoux.fr\\\/?author=1\"}]}<\/script>\n<!-- \/ Yoast SEO plugin. -->","yoast_head_json":{"title":"Exposition Artisanale \u00e0 la CIGV - Najette Bordji, cr\u00e9atrice de bijoux artisan d&#039;art","robots":{"index":"index","follow":"follow","max-snippet":"max-snippet:-1","max-image-preview":"max-image-preview:large","max-video-preview":"max-video-preview:-1"},"canonical":"https:\/\/nb-bijoux.fr\/?p=992409","og_locale":"fr_FR","og_type":"article","og_title":"Exposition Artisanale \u00e0 la CIGV - Najette Bordji, cr\u00e9atrice de bijoux artisan d&#039;art","og_description":"Pour commencer la saison des march\u00e9s de cr\u00e9ateurs, je vous donne rendez-vous samedi 15 et dimanche 16 mars \u00e0 La Cit\u00e9 Internationale de la Gastronomie et du Vin de Dijon, entour\u00e9e de nombreux artisans et cr\u00e9ateurs locaux talentueux! Que vous soyez dijonnais ou de passage dans notre belle ville, venez d\u00e9couvrir de magnifiques cr\u00e9ations artisanales...","og_url":"https:\/\/nb-bijoux.fr\/?p=992409","og_site_name":"Najette Bordji, cr\u00e9atrice de bijoux artisan d&#039;art","article_publisher":"https:\/\/www.facebook.com\/najette.bordjibijoux","article_published_time":"2025-03-03T21:32:19+00:00","article_modified_time":"2025-03-03T21:39:17+00:00","og_image":[{"width":1446,"height":2048,"url":"https:\/\/nb-bijoux.fr\/wp-content\/uploads\/2025\/03\/Affiche-CIGV-15-et-16-Mars-2025.jpg","type":"image\/jpeg"}],"author":"Katmai","twitter_card":"summary_large_image","twitter_misc":{"\u00c9crit par":"Katmai","Dur\u00e9e de lecture estim\u00e9e":"1 minute"},"schema":{"@context":"https:\/\/schema.org","@graph":[{"@type":"Article","@id":"https:\/\/nb-bijoux.fr\/?p=992409#article","isPartOf":{"@id":"https:\/\/nb-bijoux.fr\/?p=992409"},"author":{"name":"Katmai","@id":"https:\/\/nb-bijoux.fr\/#\/schema\/person\/b88832d7e9815443a417d6e8c5507a1d"},"headline":"Exposition Artisanale \u00e0 la CIGV","datePublished":"2025-03-03T21:32:19+00:00","dateModified":"2025-03-03T21:39:17+00:00","mainEntityOfPage":{"@id":"https:\/\/nb-bijoux.fr\/?p=992409"},"wordCount":77,"commentCount":0,"publisher":{"@id":"https:\/\/nb-bijoux.fr\/#organization"},"image":{"@id":"https:\/\/nb-bijoux.fr\/?p=992409#primaryimage"},"thumbnailUrl":"https:\/\/nb-bijoux.fr\/wp-content\/uploads\/2025\/03\/Affiche-CIGV-15-et-16-Mars-2025.jpg","articleSection":["Exposition-Vente"],"inLanguage":"fr-FR","potentialAction":[{"@type":"CommentAction","name":"Comment","target":["https:\/\/nb-bijoux.fr\/?p=992409#respond"]}]},{"@type":"WebPage","@id":"https:\/\/nb-bijoux.fr\/?p=992409","url":"https:\/\/nb-bijoux.fr\/?p=992409","name":"Exposition Artisanale \u00e0 la CIGV - Najette Bordji, cr\u00e9atrice de bijoux artisan d&#039;art","isPartOf":{"@id":"https:\/\/nb-bijoux.fr\/#website"},"primaryImageOfPage":{"@id":"https:\/\/nb-bijoux.fr\/?p=992409#primaryimage"},"image":{"@id":"https:\/\/nb-bijoux.fr\/?p=992409#primaryimage"},"thumbnailUrl":"https:\/\/nb-bijoux.fr\/wp-content\/uploads\/2025\/03\/Affiche-CIGV-15-et-16-Mars-2025.jpg","datePublished":"2025-03-03T21:32:19+00:00","dateModified":"2025-03-03T21:39:17+00:00","breadcrumb":{"@id":"https:\/\/nb-bijoux.fr\/?p=992409#breadcrumb"},"inLanguage":"fr-FR","potentialAction":[{"@type":"ReadAction","target":["https:\/\/nb-bijoux.fr\/?p=992409"]}]},{"@type":"ImageObject","inLanguage":"fr-FR","@id":"https:\/\/nb-bijoux.fr\/?p=992409#primaryimage","url":"https:\/\/nb-bijoux.fr\/wp-content\/uploads\/2025\/03\/Affiche-CIGV-15-et-16-Mars-2025.jpg","contentUrl":"https:\/\/nb-bijoux.fr\/wp-content\/uploads\/2025\/03\/Affiche-CIGV-15-et-16-Mars-2025.jpg","width":1446,"height":2048},{"@type":"BreadcrumbList","@id":"https:\/\/nb-bijoux.fr\/?p=992409#breadcrumb","itemListElement":[{"@type":"ListItem","position":1,"name":"Accueil","item":"https:\/\/nb-bijoux.fr\/"},{"@type":"ListItem","position":2,"name":"Exposition Artisanale \u00e0 la CIGV"}]},{"@type":"WebSite","@id":"https:\/\/nb-bijoux.fr\/#website","url":"https:\/\/nb-bijoux.fr\/","name":"nb-bijoux","description":"La boutique de Najette Bordji, bijoux d&#039;art et Haute-Fantaisie","publisher":{"@id":"https:\/\/nb-bijoux.fr\/#organization"},"potentialAction":[{"@type":"SearchAction","target":{"@type":"EntryPoint","urlTemplate":"https:\/\/nb-bijoux.fr\/?s={search_term_string}"},"query-input":{"@type":"PropertyValueSpecification","valueRequired":true,"valueName":"search_term_string"}}],"inLanguage":"fr-FR"},{"@type":"Organization","@id":"https:\/\/nb-bijoux.fr\/#organization","name":"Boutique de Najette Bordji, cr\u00e9atrice de bijoux artisan d'Art","url":"https:\/\/nb-bijoux.fr\/","logo":{"@type":"ImageObject","inLanguage":"fr-FR","@id":"https:\/\/nb-bijoux.fr\/#\/schema\/logo\/image\/","url":"https:\/\/nb-bijoux.fr\/wp-content\/uploads\/2023\/08\/cropped-cropped-cropped-logo.png","contentUrl":"https:\/\/nb-bijoux.fr\/wp-content\/uploads\/2023\/08\/cropped-cropped-cropped-logo.png","width":400,"height":60,"caption":"Boutique de Najette Bordji, cr\u00e9atrice de bijoux artisan d'Art"},"image":{"@id":"https:\/\/nb-bijoux.fr\/#\/schema\/logo\/image\/"},"sameAs":["https:\/\/www.facebook.com\/najette.bordjibijoux","https:\/\/www.instagram.com\/najettebordji\/"]},{"@type":"Person","@id":"https:\/\/nb-bijoux.fr\/#\/schema\/person\/b88832d7e9815443a417d6e8c5507a1d","name":"Katmai","image":{"@type":"ImageObject","inLanguage":"fr-FR","@id":"https:\/\/secure.gravatar.com\/avatar\/09f4c975763a5186dc426a402299823b8758b19f59eb9f5a0e83cddfc15b0186?s=96&d=mm&r=g","url":"https:\/\/secure.gravatar.com\/avatar\/09f4c975763a5186dc426a402299823b8758b19f59eb9f5a0e83cddfc15b0186?s=96&d=mm&r=g","contentUrl":"https:\/\/secure.gravatar.com\/avatar\/09f4c975763a5186dc426a402299823b8758b19f59eb9f5a0e83cddfc15b0186?s=96&d=mm&r=g","caption":"Katmai"},"sameAs":["http:\/\/nb-bijoux.fr"],"url":"https:\/\/nb-bijoux.fr\/?author=1"}]}},"_links":{"self":[{"href":"https:\/\/nb-bijoux.fr\/index.php?rest_route=\/wp\/v2\/posts\/992409","targetHints":{"allow":["GET"]}}],"collection":[{"href":"https:\/\/nb-bijoux.fr\/index.php?rest_route=\/wp\/v2\/posts"}],"about":[{"href":"https:\/\/nb-bijoux.fr\/index.php?rest_route=\/wp\/v2\/types\/post"}],"author":[{"embeddable":true,"href":"https:\/\/nb-bijoux.fr\/index.php?rest_route=\/wp\/v2\/users\/1"}],"replies":[{"embeddable":true,"href":"https:\/\/nb-bijoux.fr\/index.php?rest_route=%2Fwp%2Fv2%2Fcomments&post=992409"}],"version-history":[{"count":0,"href":"https:\/\/nb-bijoux.fr\/index.php?rest_route=\/wp\/v2\/posts\/992409\/revisions"}],"wp:featuredmedia":[{"embeddable":true,"href":"https:\/\/nb-bijoux.fr\/index.php?rest_route=\/wp\/v2\/media\/992408"}],"wp:attachment":[{"href":"https:\/\/nb-bijoux.fr\/index.php?rest_route=%2Fwp%2Fv2%2Fmedia&parent=992409"}],"wp:term":[{"taxonomy":"category","embeddable":true,"href":"https:\/\/nb-bijoux.fr\/index.php?rest_route=%2Fwp%2Fv2%2Fcategories&post=992409"},{"taxonomy":"post_tag","embeddable":true,"href":"https:\/\/nb-bijoux.fr\/index.php?rest_route=%2Fwp%2Fv2%2Ftags&post=992409"}],"curies":[{"name":"wp","href":"https:\/\/api.w.org\/{rel}","templated":true}]}}