{"id":1483,"date":"2022-11-17T22:27:09","date_gmt":"2022-11-17T21:27:09","guid":{"rendered":"https:\/\/bijoux.vamtam.com\/?p=1483"},"modified":"2023-11-02T16:53:53","modified_gmt":"2023-11-02T15:53:53","slug":"marche-noel-conseil-departemental-cote-dor-21","status":"publish","type":"post","link":"https:\/\/nb-bijoux.fr\/?p=1483","title":{"rendered":"March\u00e9 de No\u00ebl 2022 du Conseil D\u00e9partemental 21"},"content":{"rendered":"\t\t<div data-elementor-type=\"wp-post\" data-elementor-id=\"1483\" class=\"elementor elementor-1483\" data-elementor-post-type=\"post\">\n\t\t\t\t\t\t<section class=\"elementor-section elementor-top-section elementor-element elementor-element-047b37d elementor-section-full_width elementor-section-height-default elementor-section-height-default\" data-id=\"047b37d\" data-element_type=\"section\">\n\t\t\t\t\t\t<div class=\"elementor-container elementor-column-gap-default\">\n\t\t\t\t\t<div class=\"elementor-column elementor-col-100 elementor-top-column elementor-element elementor-element-1f7aa80\" data-id=\"1f7aa80\" data-element_type=\"column\">\n\t\t\t<div class=\"elementor-widget-wrap elementor-element-populated\">\n\t\t\t\t\t\t<div class=\"elementor-element elementor-element-0fb8a36 elementor-widget elementor-widget-heading\" data-id=\"0fb8a36\" data-element_type=\"widget\" data-widget_type=\"heading.default\">\n\t\t\t\t<div class=\"elementor-widget-container\">\n\t\t\t\t\t<h3 class=\"elementor-heading-title elementor-size-default\">Retrouvez moi au march\u00e9 d'hiver du 2 au 3. d\u00e9cembre 2022 au jardin du Conseil D\u00e9partemental de C\u00f4te d'Or 27 Bd de la Tr\u00e9mouille \u00e0 Dijon<\/h3>\t\t\t\t<\/div>\n\t\t\t\t<\/div>\n\t\t\t\t\t<\/div>\n\t\t<\/div>\n\t\t\t\t\t<\/div>\n\t\t<\/section>\n\t\t\t\t<\/div>\n\t\t","protected":false},"excerpt":{"rendered":"<p>Retrouvez moi au march\u00e9 d&rsquo;hiver du 2 au 3. d\u00e9cembre 2022 au jardin du Conseil D\u00e9partemental de C\u00f4te d&rsquo;Or 27 Bd de la Tr\u00e9mouille \u00e0 Dijon<\/p>\n","protected":false},"author":1,"featured_media":988005,"comment_status":"closed","ping_status":"closed","sticky":false,"template":"","format":"standard","meta":{"footnotes":""},"categories":[55],"tags":[195,194,193],"class_list":["post-1483","post","type-post","status-publish","format-standard","has-post-thumbnail","hentry","category-marche-de-noel","tag-artisans","tag-jardins-du-departement-de-cote-dor","tag-marche-de-noel"],"yoast_head":"<!-- This site is optimized with the Yoast SEO plugin v27.5 - https:\/\/yoast.com\/product\/yoast-seo-wordpress\/ -->\n<title>March\u00e9 de No\u00ebl 2022 du Conseil D\u00e9partemental 21 - Najette Bordji, cr\u00e9atrice de bijoux artisan d&#039;art<\/title>\n<meta name=\"robots\" content=\"index, follow, max-snippet:-1, max-image-preview:large, max-video-preview:-1\" \/>\n<link rel=\"canonical\" href=\"https:\/\/nb-bijoux.fr\/?p=1483\" \/>\n<meta property=\"og:locale\" content=\"fr_FR\" \/>\n<meta property=\"og:type\" content=\"article\" \/>\n<meta property=\"og:title\" content=\"March\u00e9 de No\u00ebl 2022 du Conseil D\u00e9partemental 21 - Najette Bordji, cr\u00e9atrice de bijoux artisan d&#039;art\" \/>\n<meta property=\"og:description\" content=\"Retrouvez moi au march\u00e9 d&rsquo;hiver du 2 au 3. d\u00e9cembre 2022 au jardin du Conseil D\u00e9partemental de C\u00f4te d&rsquo;Or 27 Bd de la Tr\u00e9mouille \u00e0 Dijon\" \/>\n<meta property=\"og:url\" content=\"https:\/\/nb-bijoux.fr\/?p=1483\" \/>\n<meta property=\"og:site_name\" content=\"Najette Bordji, cr\u00e9atrice de bijoux artisan d&#039;art\" \/>\n<meta property=\"article:publisher\" content=\"https:\/\/www.facebook.com\/najette.bordjibijoux\" \/>\n<meta property=\"article:published_time\" content=\"2022-11-17T21:27:09+00:00\" \/>\n<meta property=\"article:modified_time\" content=\"2023-11-02T15:53:53+00:00\" \/>\n<meta property=\"og:image\" content=\"https:\/\/nb-bijoux.fr\/wp-content\/uploads\/2022\/11\/IMG_2673-1.jpg\" \/>\n\t<meta property=\"og:image:width\" content=\"561\" \/>\n\t<meta property=\"og:image:height\" content=\"776\" \/>\n\t<meta property=\"og:image:type\" content=\"image\/jpeg\" \/>\n<meta name=\"author\" content=\"Katmai\" \/>\n<meta name=\"twitter:card\" content=\"summary_large_image\" \/>\n<meta name=\"twitter:label1\" content=\"\u00c9crit par\" \/>\n\t<meta name=\"twitter:data1\" content=\"Katmai\" \/>\n<script type=\"application\/ld+json\" class=\"yoast-schema-graph\">{\"@context\":\"https:\\\/\\\/schema.org\",\"@graph\":[{\"@type\":\"Article\",\"@id\":\"https:\\\/\\\/nb-bijoux.fr\\\/?p=1483#article\",\"isPartOf\":{\"@id\":\"https:\\\/\\\/nb-bijoux.fr\\\/?p=1483\"},\"author\":{\"name\":\"Katmai\",\"@id\":\"https:\\\/\\\/nb-bijoux.fr\\\/#\\\/schema\\\/person\\\/b88832d7e9815443a417d6e8c5507a1d\"},\"headline\":\"March\u00e9 de No\u00ebl 2022 du Conseil D\u00e9partemental 21\",\"datePublished\":\"2022-11-17T21:27:09+00:00\",\"dateModified\":\"2023-11-02T15:53:53+00:00\",\"mainEntityOfPage\":{\"@id\":\"https:\\\/\\\/nb-bijoux.fr\\\/?p=1483\"},\"wordCount\":35,\"publisher\":{\"@id\":\"https:\\\/\\\/nb-bijoux.fr\\\/#organization\"},\"image\":{\"@id\":\"https:\\\/\\\/nb-bijoux.fr\\\/?p=1483#primaryimage\"},\"thumbnailUrl\":\"https:\\\/\\\/nb-bijoux.fr\\\/wp-content\\\/uploads\\\/2022\\\/11\\\/IMG_2673-1.jpg\",\"keywords\":[\"artisans\",\"Jardins du D\u00e9partement de C\u00f4te d'Or\",\"March\u00e9 de No\u00ebl\"],\"articleSection\":[\"March\u00e9 de No\u00ebl\"],\"inLanguage\":\"fr-FR\"},{\"@type\":\"WebPage\",\"@id\":\"https:\\\/\\\/nb-bijoux.fr\\\/?p=1483\",\"url\":\"https:\\\/\\\/nb-bijoux.fr\\\/?p=1483\",\"name\":\"March\u00e9 de No\u00ebl 2022 du Conseil D\u00e9partemental 21 - Najette Bordji, cr\u00e9atrice de bijoux artisan d&#039;art\",\"isPartOf\":{\"@id\":\"https:\\\/\\\/nb-bijoux.fr\\\/#website\"},\"primaryImageOfPage\":{\"@id\":\"https:\\\/\\\/nb-bijoux.fr\\\/?p=1483#primaryimage\"},\"image\":{\"@id\":\"https:\\\/\\\/nb-bijoux.fr\\\/?p=1483#primaryimage\"},\"thumbnailUrl\":\"https:\\\/\\\/nb-bijoux.fr\\\/wp-content\\\/uploads\\\/2022\\\/11\\\/IMG_2673-1.jpg\",\"datePublished\":\"2022-11-17T21:27:09+00:00\",\"dateModified\":\"2023-11-02T15:53:53+00:00\",\"breadcrumb\":{\"@id\":\"https:\\\/\\\/nb-bijoux.fr\\\/?p=1483#breadcrumb\"},\"inLanguage\":\"fr-FR\",\"potentialAction\":[{\"@type\":\"ReadAction\",\"target\":[\"https:\\\/\\\/nb-bijoux.fr\\\/?p=1483\"]}]},{\"@type\":\"ImageObject\",\"inLanguage\":\"fr-FR\",\"@id\":\"https:\\\/\\\/nb-bijoux.fr\\\/?p=1483#primaryimage\",\"url\":\"https:\\\/\\\/nb-bijoux.fr\\\/wp-content\\\/uploads\\\/2022\\\/11\\\/IMG_2673-1.jpg\",\"contentUrl\":\"https:\\\/\\\/nb-bijoux.fr\\\/wp-content\\\/uploads\\\/2022\\\/11\\\/IMG_2673-1.jpg\",\"width\":561,\"height\":776},{\"@type\":\"BreadcrumbList\",\"@id\":\"https:\\\/\\\/nb-bijoux.fr\\\/?p=1483#breadcrumb\",\"itemListElement\":[{\"@type\":\"ListItem\",\"position\":1,\"name\":\"Accueil\",\"item\":\"https:\\\/\\\/nb-bijoux.fr\\\/\"},{\"@type\":\"ListItem\",\"position\":2,\"name\":\"March\u00e9 de No\u00ebl 2022 du Conseil D\u00e9partemental 21\"}]},{\"@type\":\"WebSite\",\"@id\":\"https:\\\/\\\/nb-bijoux.fr\\\/#website\",\"url\":\"https:\\\/\\\/nb-bijoux.fr\\\/\",\"name\":\"nb-bijoux\",\"description\":\"La boutique de Najette Bordji, bijoux d&#039;art et Haute-Fantaisie\",\"publisher\":{\"@id\":\"https:\\\/\\\/nb-bijoux.fr\\\/#organization\"},\"potentialAction\":[{\"@type\":\"SearchAction\",\"target\":{\"@type\":\"EntryPoint\",\"urlTemplate\":\"https:\\\/\\\/nb-bijoux.fr\\\/?s={search_term_string}\"},\"query-input\":{\"@type\":\"PropertyValueSpecification\",\"valueRequired\":true,\"valueName\":\"search_term_string\"}}],\"inLanguage\":\"fr-FR\"},{\"@type\":\"Organization\",\"@id\":\"https:\\\/\\\/nb-bijoux.fr\\\/#organization\",\"name\":\"Boutique de Najette Bordji, cr\u00e9atrice de bijoux artisan d'Art\",\"url\":\"https:\\\/\\\/nb-bijoux.fr\\\/\",\"logo\":{\"@type\":\"ImageObject\",\"inLanguage\":\"fr-FR\",\"@id\":\"https:\\\/\\\/nb-bijoux.fr\\\/#\\\/schema\\\/logo\\\/image\\\/\",\"url\":\"https:\\\/\\\/nb-bijoux.fr\\\/wp-content\\\/uploads\\\/2023\\\/08\\\/cropped-cropped-cropped-logo.png\",\"contentUrl\":\"https:\\\/\\\/nb-bijoux.fr\\\/wp-content\\\/uploads\\\/2023\\\/08\\\/cropped-cropped-cropped-logo.png\",\"width\":400,\"height\":60,\"caption\":\"Boutique de Najette Bordji, cr\u00e9atrice de bijoux artisan d'Art\"},\"image\":{\"@id\":\"https:\\\/\\\/nb-bijoux.fr\\\/#\\\/schema\\\/logo\\\/image\\\/\"},\"sameAs\":[\"https:\\\/\\\/www.facebook.com\\\/najette.bordjibijoux\",\"https:\\\/\\\/www.instagram.com\\\/najettebordji\\\/\"]},{\"@type\":\"Person\",\"@id\":\"https:\\\/\\\/nb-bijoux.fr\\\/#\\\/schema\\\/person\\\/b88832d7e9815443a417d6e8c5507a1d\",\"name\":\"Katmai\",\"image\":{\"@type\":\"ImageObject\",\"inLanguage\":\"fr-FR\",\"@id\":\"https:\\\/\\\/secure.gravatar.com\\\/avatar\\\/09f4c975763a5186dc426a402299823b8758b19f59eb9f5a0e83cddfc15b0186?s=96&d=mm&r=g\",\"url\":\"https:\\\/\\\/secure.gravatar.com\\\/avatar\\\/09f4c975763a5186dc426a402299823b8758b19f59eb9f5a0e83cddfc15b0186?s=96&d=mm&r=g\",\"contentUrl\":\"https:\\\/\\\/secure.gravatar.com\\\/avatar\\\/09f4c975763a5186dc426a402299823b8758b19f59eb9f5a0e83cddfc15b0186?s=96&d=mm&r=g\",\"caption\":\"Katmai\"},\"sameAs\":[\"http:\\\/\\\/nb-bijoux.fr\"],\"url\":\"https:\\\/\\\/nb-bijoux.fr\\\/?author=1\"}]}<\/script>\n<!-- \/ Yoast SEO plugin. -->","yoast_head_json":{"title":"March\u00e9 de No\u00ebl 2022 du Conseil D\u00e9partemental 21 - Najette Bordji, cr\u00e9atrice de bijoux artisan d&#039;art","robots":{"index":"index","follow":"follow","max-snippet":"max-snippet:-1","max-image-preview":"max-image-preview:large","max-video-preview":"max-video-preview:-1"},"canonical":"https:\/\/nb-bijoux.fr\/?p=1483","og_locale":"fr_FR","og_type":"article","og_title":"March\u00e9 de No\u00ebl 2022 du Conseil D\u00e9partemental 21 - Najette Bordji, cr\u00e9atrice de bijoux artisan d&#039;art","og_description":"Retrouvez moi au march\u00e9 d&rsquo;hiver du 2 au 3. d\u00e9cembre 2022 au jardin du Conseil D\u00e9partemental de C\u00f4te d&rsquo;Or 27 Bd de la Tr\u00e9mouille \u00e0 Dijon","og_url":"https:\/\/nb-bijoux.fr\/?p=1483","og_site_name":"Najette Bordji, cr\u00e9atrice de bijoux artisan d&#039;art","article_publisher":"https:\/\/www.facebook.com\/najette.bordjibijoux","article_published_time":"2022-11-17T21:27:09+00:00","article_modified_time":"2023-11-02T15:53:53+00:00","og_image":[{"width":561,"height":776,"url":"https:\/\/nb-bijoux.fr\/wp-content\/uploads\/2022\/11\/IMG_2673-1.jpg","type":"image\/jpeg"}],"author":"Katmai","twitter_card":"summary_large_image","twitter_misc":{"\u00c9crit par":"Katmai"},"schema":{"@context":"https:\/\/schema.org","@graph":[{"@type":"Article","@id":"https:\/\/nb-bijoux.fr\/?p=1483#article","isPartOf":{"@id":"https:\/\/nb-bijoux.fr\/?p=1483"},"author":{"name":"Katmai","@id":"https:\/\/nb-bijoux.fr\/#\/schema\/person\/b88832d7e9815443a417d6e8c5507a1d"},"headline":"March\u00e9 de No\u00ebl 2022 du Conseil D\u00e9partemental 21","datePublished":"2022-11-17T21:27:09+00:00","dateModified":"2023-11-02T15:53:53+00:00","mainEntityOfPage":{"@id":"https:\/\/nb-bijoux.fr\/?p=1483"},"wordCount":35,"publisher":{"@id":"https:\/\/nb-bijoux.fr\/#organization"},"image":{"@id":"https:\/\/nb-bijoux.fr\/?p=1483#primaryimage"},"thumbnailUrl":"https:\/\/nb-bijoux.fr\/wp-content\/uploads\/2022\/11\/IMG_2673-1.jpg","keywords":["artisans","Jardins du D\u00e9partement de C\u00f4te d'Or","March\u00e9 de No\u00ebl"],"articleSection":["March\u00e9 de No\u00ebl"],"inLanguage":"fr-FR"},{"@type":"WebPage","@id":"https:\/\/nb-bijoux.fr\/?p=1483","url":"https:\/\/nb-bijoux.fr\/?p=1483","name":"March\u00e9 de No\u00ebl 2022 du Conseil D\u00e9partemental 21 - Najette Bordji, cr\u00e9atrice de bijoux artisan d&#039;art","isPartOf":{"@id":"https:\/\/nb-bijoux.fr\/#website"},"primaryImageOfPage":{"@id":"https:\/\/nb-bijoux.fr\/?p=1483#primaryimage"},"image":{"@id":"https:\/\/nb-bijoux.fr\/?p=1483#primaryimage"},"thumbnailUrl":"https:\/\/nb-bijoux.fr\/wp-content\/uploads\/2022\/11\/IMG_2673-1.jpg","datePublished":"2022-11-17T21:27:09+00:00","dateModified":"2023-11-02T15:53:53+00:00","breadcrumb":{"@id":"https:\/\/nb-bijoux.fr\/?p=1483#breadcrumb"},"inLanguage":"fr-FR","potentialAction":[{"@type":"ReadAction","target":["https:\/\/nb-bijoux.fr\/?p=1483"]}]},{"@type":"ImageObject","inLanguage":"fr-FR","@id":"https:\/\/nb-bijoux.fr\/?p=1483#primaryimage","url":"https:\/\/nb-bijoux.fr\/wp-content\/uploads\/2022\/11\/IMG_2673-1.jpg","contentUrl":"https:\/\/nb-bijoux.fr\/wp-content\/uploads\/2022\/11\/IMG_2673-1.jpg","width":561,"height":776},{"@type":"BreadcrumbList","@id":"https:\/\/nb-bijoux.fr\/?p=1483#breadcrumb","itemListElement":[{"@type":"ListItem","position":1,"name":"Accueil","item":"https:\/\/nb-bijoux.fr\/"},{"@type":"ListItem","position":2,"name":"March\u00e9 de No\u00ebl 2022 du Conseil D\u00e9partemental 21"}]},{"@type":"WebSite","@id":"https:\/\/nb-bijoux.fr\/#website","url":"https:\/\/nb-bijoux.fr\/","name":"nb-bijoux","description":"La boutique de Najette Bordji, bijoux d&#039;art et Haute-Fantaisie","publisher":{"@id":"https:\/\/nb-bijoux.fr\/#organization"},"potentialAction":[{"@type":"SearchAction","target":{"@type":"EntryPoint","urlTemplate":"https:\/\/nb-bijoux.fr\/?s={search_term_string}"},"query-input":{"@type":"PropertyValueSpecification","valueRequired":true,"valueName":"search_term_string"}}],"inLanguage":"fr-FR"},{"@type":"Organization","@id":"https:\/\/nb-bijoux.fr\/#organization","name":"Boutique de Najette Bordji, cr\u00e9atrice de bijoux artisan d'Art","url":"https:\/\/nb-bijoux.fr\/","logo":{"@type":"ImageObject","inLanguage":"fr-FR","@id":"https:\/\/nb-bijoux.fr\/#\/schema\/logo\/image\/","url":"https:\/\/nb-bijoux.fr\/wp-content\/uploads\/2023\/08\/cropped-cropped-cropped-logo.png","contentUrl":"https:\/\/nb-bijoux.fr\/wp-content\/uploads\/2023\/08\/cropped-cropped-cropped-logo.png","width":400,"height":60,"caption":"Boutique de Najette Bordji, cr\u00e9atrice de bijoux artisan d'Art"},"image":{"@id":"https:\/\/nb-bijoux.fr\/#\/schema\/logo\/image\/"},"sameAs":["https:\/\/www.facebook.com\/najette.bordjibijoux","https:\/\/www.instagram.com\/najettebordji\/"]},{"@type":"Person","@id":"https:\/\/nb-bijoux.fr\/#\/schema\/person\/b88832d7e9815443a417d6e8c5507a1d","name":"Katmai","image":{"@type":"ImageObject","inLanguage":"fr-FR","@id":"https:\/\/secure.gravatar.com\/avatar\/09f4c975763a5186dc426a402299823b8758b19f59eb9f5a0e83cddfc15b0186?s=96&d=mm&r=g","url":"https:\/\/secure.gravatar.com\/avatar\/09f4c975763a5186dc426a402299823b8758b19f59eb9f5a0e83cddfc15b0186?s=96&d=mm&r=g","contentUrl":"https:\/\/secure.gravatar.com\/avatar\/09f4c975763a5186dc426a402299823b8758b19f59eb9f5a0e83cddfc15b0186?s=96&d=mm&r=g","caption":"Katmai"},"sameAs":["http:\/\/nb-bijoux.fr"],"url":"https:\/\/nb-bijoux.fr\/?author=1"}]}},"_links":{"self":[{"href":"https:\/\/nb-bijoux.fr\/index.php?rest_route=\/wp\/v2\/posts\/1483","targetHints":{"allow":["GET"]}}],"collection":[{"href":"https:\/\/nb-bijoux.fr\/index.php?rest_route=\/wp\/v2\/posts"}],"about":[{"href":"https:\/\/nb-bijoux.fr\/index.php?rest_route=\/wp\/v2\/types\/post"}],"author":[{"embeddable":true,"href":"https:\/\/nb-bijoux.fr\/index.php?rest_route=\/wp\/v2\/users\/1"}],"replies":[{"embeddable":true,"href":"https:\/\/nb-bijoux.fr\/index.php?rest_route=%2Fwp%2Fv2%2Fcomments&post=1483"}],"version-history":[{"count":0,"href":"https:\/\/nb-bijoux.fr\/index.php?rest_route=\/wp\/v2\/posts\/1483\/revisions"}],"wp:featuredmedia":[{"embeddable":true,"href":"https:\/\/nb-bijoux.fr\/index.php?rest_route=\/wp\/v2\/media\/988005"}],"wp:attachment":[{"href":"https:\/\/nb-bijoux.fr\/index.php?rest_route=%2Fwp%2Fv2%2Fmedia&parent=1483"}],"wp:term":[{"taxonomy":"category","embeddable":true,"href":"https:\/\/nb-bijoux.fr\/index.php?rest_route=%2Fwp%2Fv2%2Fcategories&post=1483"},{"taxonomy":"post_tag","embeddable":true,"href":"https:\/\/nb-bijoux.fr\/index.php?rest_route=%2Fwp%2Fv2%2Ftags&post=1483"}],"curies":[{"name":"wp","href":"https:\/\/api.w.org\/{rel}","templated":true}]}}